{"id":5208,"date":"2026-09-03T00:00:00","date_gmt":"2026-09-02T22:00:00","guid":{"rendered":"https:\/\/www.kirche-aktuell.de\/?p=5208"},"modified":"2026-09-03T00:00:00","modified_gmt":"2026-09-02T22:00:00","slug":"nachfolge-unseres-kirchenmusikers-wolfgang-wilger-ist-geregelt","status":"publish","type":"post","link":"https:\/\/www.kirche-aktuell.de\/?p=5208","title":{"rendered":"Nachfolge unseres Kirchenmusikers Wolfgang Wilger ist geregelt"},"content":{"rendered":"<p><strong>Nachfolge unseres Kirchenmusikers Wolfgang Wilger ist geregelt<\/strong><\/p>\n<p>Alle Gremien unserer Pfarrei sowie die Chorgemeinschaften sind in dieser Woche \u00fcber die Entscheidung des Kirchenvorstandes zur Nachfolge unseres Kirchenmusikers Wolfgang Wilger informiert worden.<\/p>\n<p>Herr Wilger wird im Januar 2027 in den Ruhestand gehen. <\/p>\n<p>F\u00fcr den <strong>\u201eJungen Chor Beckhausen\u201c<\/strong> konnten wir <strong>Herrn Mario Storck<\/strong> gewinnen. Er wird auch weiterhin die Leitung des Kinder- und Jugendchores \u00fcbernehmen.<\/p>\n<p><strong>Herr Gregor Schemberg<\/strong> wird k\u00fcnftig die <strong>Orgeldienste<\/strong> an den Wochenenden und Hochfesten \u00fcbernehmen sowie die <strong>Leitung des Pfarreichores<\/strong>.<\/p>\n<p>Beiden Herren danken wir ganz herzlich f\u00fcr ihre Bereitschaft, diese vielf\u00e4ltigen musikalischen Dienste in unserer Pfarrei zu \u00fcbernehmen. F\u00fcr ihre neue Aufgabe w\u00fcnschen wir ihnen viel Freude, Kreativit\u00e4t und Gottes Segen.<\/p>\n<p>&#013;<br \/>\nSource: PV Gelsenkirchen-Horst<\/p>\n","protected":false},"excerpt":{"rendered":"<p>Nachfolge unseres Kirchenmusikers Wolfgang Wilger ist geregelt Alle Gremien unserer Pfarrei sowie die Chorgemeinschaften sind in dieser Woche \u00fcber die Entscheidung des Kirchenvorstandes zur Nachfolge unseres Kirchenmusikers Wolfgang Wilger informiert worden. Herr Wilger wird im Januar 2027 in den Ruhestand gehen. F\u00fcr den \u201eJungen Chor Beckhausen\u201c konnten wir Herrn Mario Storck gewinnen. Er wird auch [&hellip;]<\/p>\n","protected":false},"author":2,"featured_media":0,"comment_status":"false","ping_status":"","sticky":false,"template":"","format":"standard","meta":{"_et_pb_use_builder":"","_et_pb_old_content":"","_et_gb_content_width":"","footnotes":""},"categories":[11],"tags":[],"_links":{"self":[{"href":"https:\/\/www.kirche-aktuell.de\/index.php?rest_route=\/wp\/v2\/posts\/5208"}],"collection":[{"href":"https:\/\/www.kirche-aktuell.de\/index.php?rest_route=\/wp\/v2\/posts"}],"about":[{"href":"https:\/\/www.kirche-aktuell.de\/index.php?rest_route=\/wp\/v2\/types\/post"}],"author":[{"embeddable":true,"href":"https:\/\/www.kirche-aktuell.de\/index.php?rest_route=\/wp\/v2\/users\/2"}],"replies":[{"embeddable":true,"href":"https:\/\/www.kirche-aktuell.de\/index.php?rest_route=%2Fwp%2Fv2%2Fcomments&post=5208"}],"version-history":[{"count":0,"href":"https:\/\/www.kirche-aktuell.de\/index.php?rest_route=\/wp\/v2\/posts\/5208\/revisions"}],"wp:attachment":[{"href":"https:\/\/www.kirche-aktuell.de\/index.php?rest_route=%2Fwp%2Fv2%2Fmedia&parent=5208"}],"wp:term":[{"taxonomy":"category","embeddable":true,"href":"https:\/\/www.kirche-aktuell.de\/index.php?rest_route=%2Fwp%2Fv2%2Fcategories&post=5208"},{"taxonomy":"post_tag","embeddable":true,"href":"https:\/\/www.kirche-aktuell.de\/index.php?rest_route=%2Fwp%2Fv2%2Ftags&post=5208"}],"curies":[{"name":"wp","href":"https:\/\/api.w.org\/{rel}","templated":true}]}}